{"id":1076,"date":"2022-05-22T08:54:18","date_gmt":"2022-05-22T08:54:18","guid":{"rendered":"https:\/\/cuartillas.es\/?p=1076"},"modified":"2022-05-22T08:54:19","modified_gmt":"2022-05-22T08:54:19","slug":"letras-moto-2022","status":"publish","type":"post","link":"https:\/\/cuartillas.es\/?p=1076","title":{"rendered":"Letras &#038; Moto 2022."},"content":{"rendered":"\n<div class=\"wp-block-media-text is-stacked-on-mobile\"><figure class=\"wp-block-media-text__media\"><img fetchpriority=\"high\" decoding=\"async\" width=\"1024\" height=\"768\" src=\"https:\/\/cuartillas.es\/wp-content\/uploads\/2022\/05\/foto-cartuja-1024x768.jpg\" alt=\"\" class=\"wp-image-1079 size-full\" srcset=\"https:\/\/cuartillas.es\/wp-content\/uploads\/2022\/05\/foto-cartuja-1024x768.jpg 1024w, https:\/\/cuartillas.es\/wp-content\/uploads\/2022\/05\/foto-cartuja-300x225.jpg 300w, https:\/\/cuartillas.es\/wp-content\/uploads\/2022\/05\/foto-cartuja-768x576.jpg 768w, https:\/\/cuartillas.es\/wp-content\/uploads\/2022\/05\/foto-cartuja-1536x1152.jpg 1536w, https:\/\/cuartillas.es\/wp-content\/uploads\/2022\/05\/foto-cartuja-440x330.jpg 440w, https:\/\/cuartillas.es\/wp-content\/uploads\/2022\/05\/foto-cartuja.jpg 2048w\" sizes=\"(max-width: 1024px) 100vw, 1024px\" \/><\/figure><div class=\"wp-block-media-text__content\">\n<p class=\"has-red-color has-text-color has-normal-font-size\"><em><strong>Hace una semana est\u00e1bamos all\u00e1 disfrutando entre amig@s, queda tan lejos&#8230; siete d\u00edas han pasado, y todav\u00eda no me he bajado de la nube, pero hab\u00eda que escribir una cr\u00f3nica, un texto, un algo&#8230;<\/strong><\/em><\/p>\n<\/div><\/div>\n\n\n\n<p><\/p>\n\n\n\n<p>Ah\u00ed vamos, desde \u00abdetr\u00e1s de la barra\u00bb se ve todo de otra manera a s\u00ed que os contar\u00e9 el antes, las v\u00edsperas de lo que perpetramos. Andaba desde el d\u00eda de antes con los nervios a flor de piel, que digo yo la preocupaci\u00f3n y el miedo ese que dec\u00edan esc\u00e9nico lo ten\u00eda desde que me enfrasqu\u00e9 en esta aventurilla. <\/p>\n\n\n\n<p>A quien se le ocurrir\u00eda juntar en primera instancia literatura y (despu\u00e9s) otros soportes de difusi\u00f3n con las motocicletas\u2026 a un servidor. <\/p>\n\n\n\n<p>Como a todo el mundo la pandemia nos dio por saco\u2026 y una vez \u201cacabada\u201d seguimos adelante con ello. Reiniciamos. Pues eso, el jueves 12 por la tarde me promet\u00ed hacer una lista con cosas pendientes para hacer y llevar, preparar, etc. Pero como viene siendo habitual no la hice, adem\u00e1s de haberla hecho seguro qu\u00e9, o la habr\u00eda perdido o obviado. Soy as\u00ed. El viernes nos lo tomamos con calma, sobre la 9 horas ducha m\u00e1s desayuno sentado y oyendo la radio, eso para m\u00ed ya era algo magn\u00edfico, tal vez un buen presagio. Pero era viernes 13, uno no es supersticioso pero s\u00ed un gafe empedernido, eso anula a lo anterior como la piedra a las tijeras y estas al papel. <\/p>\n\n\n\n<p>As\u00ed pues preparamos todo lo \u201cllevable\u201d (como siempre algo olvidamos) y me fui a por la moto, al no tener garaje en casa pues pase\u00edllo y despu\u00e9s traerla hasta casa con todo el tiento del mundo (ya que en esos trayectos cortos suelen ocurrir \u201ccosas\u201d) para cargarla, que parec\u00eda que nos \u00edbamos al Cabo Norte. Un coche aparc\u00f3 delante de m\u00ed quit\u00e1ndome el sitio y teniendo que subirme a la acera para disponer todo sobre la moto. Bajamos toda la impedimenta de un \u00fanico viaje en el peque\u00f1o ascensor este parec\u00eda el camarote de los Hermanos Marx, le dije a Merche de echarnos una lucha de patadas voladoras pero desech\u00f3 el ofrecimiento, al salir del ascensor la se\u00f1ora de la limpieza ten\u00eda el patio reci\u00e9n fregado y por una vez fui pisador en vez de pisado, le ped\u00ed disculpas. Una vez puestas las alforjas de nylon en los soportes con bridas de pl\u00e1stico, fui a bajar la moto de la acera y pasaba un coche ella me dijo :\u2014\u00a1Cuidado!<\/p>\n\n\n\n<p>Yo pens\u00e9 se refer\u00eda a este y yo que ten\u00eda controlado el veh\u00edculo, pero el aviso era por un bolardo que hizo que la alforja derecha se quedase en el suelo. Peque\u00f1o contratiempo que se solucion\u00f3 con m\u00e1s bridas por supuesto y bronca de ella. Una vez atada con cierto estr\u00e9s ya que hab\u00edamos dejado la moto en un lugar donde una se\u00f1ora quer\u00eda aparcar con el coche, y reclamaba su sitio con el claxon: otro poquito de estr\u00e9s. <\/p>\n\n\n\n<p>Salimos con extremo cuidado y cierta precipitaci\u00f3n, tal fue que no s\u00e9 que hice con el chisme ese de comunicarme con Merche desde el casco, y los casi 50 kil\u00f3metros de autov\u00eda me los pas\u00e9 diciendo hola o \u00bfme escuchas? cada cinco minutos y escuchando pitidos como si fuera una conversaci\u00f3n de robots de Star Wars. La verdad es que no hac\u00eda falta el dichoso aparatejo en tan corto trayecto pero as\u00ed estuve todo el camino entretenido pero no distra\u00eddo de la conducci\u00f3n. Llegamos por fin a Altura y me doy cuenta que en el od\u00f3metro hay cinco seises y me paro a hacer una foto para inmortalizar el momento\u2026 es el n\u00famero de la bestia m\u00e1s 66, vamos un rep\u00f3quer de seises, veremos qu\u00e9 pasa es viernes y 13, mal fario.<\/p>\n\n\n\n<p> Ya en el pueblo c\u00edrculo por la carretera que lo bordea a velocidad de paseo nos sale por la derecha de una calle de la Villa una ambulancia del SAMU como dir\u00eda un amigo a \u201cpijo sacao\u201d, el ch\u00f3fer y yo nos miramos por un segundo y yo detengo la moto sin dificultad, la ambulancia gira delante de nosotros y pasa con sus luces y sirenas a toda velocidad. \u00a1Glub, ha estado cerca! <\/p>\n\n\n\n<p>Continuamos y cien metros m\u00e1s adelante nos detenemos en la puerta del Hostal Victoria sanos y salvos, hemos \u201cmatado al malo\u201d y pasado la pantalla. Qu\u00e9 nos echen videojuegos de estos.<\/p>\n\n\n\n<p> Luego d\u00edas despu\u00e9s hablando con alguien me dir\u00eda que un viaje es una aventura aunque sea a un lugar no muy lejano, creo que tiene raz\u00f3n. <\/p>\n\n\n\n<p>Tras unos abracitos con Pilar alma mater del Hostal nos instalamos, todo el fin de semana me confundir\u00eda de habitaci\u00f3n esto de ser disl\u00e9xico de direcci\u00f3n es lo que tiene. Celebramos que la monta\u00f1a rusa se pon\u00eda en marcha con unas cervezas (la m\u00eda 0,0\u00b0) al momento lleg\u00f3 el staff de Cuento contigo podcast, Mikel de la misa, su esposa y la perrita chihuahua Lola, a los segundos ya era como si les conoci\u00e9semos de toda la vida, comimos all\u00ed y continuamos con la fluida conversaci\u00f3n (tengo pendiente enviarles la receta del \u201cAjaceite\u201d).<\/p>\n\n\n\n<p>A partir de las 16 horas ya ten\u00edamos algo de l\u00edo hab\u00eda que probar el tema de los reproductores de imagen y sonido, fuimos primero a la Iglesia Primitiva, no hubo problemas el ret\u00e9n de la polic\u00eda local estaba al lado y un agente amabil\u00edsimo nos la abri\u00f3 y encendi\u00f3 las luces mostr\u00e1ndonos todo lo que deb\u00edamos saber, cosa que no impidi\u00f3 que nos llevaremos un susto al enchufar los bafles y estar a todo volumen que bajamos inmediatamente, hab\u00eda que re\u00edrse tras unos segundos de tensi\u00f3n, para probar el proyector y el sonido puse un pendrive en este estaba el v\u00eddeo que hicimos con las fotos de Pascual Molina para su homenaje p\u00f3stumo al d\u00eda siguiente, ella me dijo al ver que todo funcionaba en orden que lo quitase, la deso\u00ed me qued\u00e9 vi\u00e9ndolo y all\u00ed me emocion\u00e9 pese a haberlo visto ya. <\/p>\n\n\n\n<p>Acto seguido fuimos a la Cartuja de la ValldelCrist ya estaba all\u00ed el amable polic\u00eda local que abri\u00f3 el monumento para nosotros, volv\u00ed a quedarme maravillado con el lugar, anduvimos preparando cosas y revisando funcionamiento de audiovisuales, aunque los micr\u00f3fonos me guardaban una sorpresa para el d\u00eda siguiente. Revisamos y preparamos cosas para la jornada venidera, ya llegaban algunas personas a preguntar por el encuentro.<\/p>\n\n\n\n<p> Cuando volvimos al Hostal Victoria el ambiente se pod\u00eda palpar, reencuentros, abrazos, grato momento\u2026 ya en cuadrilla nos dirigimos a cenar al restaurante La Glorieta no andar\u00edamos ni 100 pasos desde all\u00ed. Lo que era Una \u00fanica mesa para 10 o 12 se convirti\u00f3 en un par de mesas para 23 personas. Interesantes conversaciones, risas y alguna an\u00e9cdota, en esas me entra un WhatsApp de la editorial Interfolio Libros que hab\u00edan tenido un percance de camino en Valladolid, por suerte sin resultados graves para su salud, me quise morir pues d\u00edas antes La Mala Suerte Ediciones declinaba su asistencia por motivos de salud, otro imponderable a\u00f1adido. No sab\u00eda c\u00f3mo \u00edbamos a lidiar con aquello. \u00bfC\u00f3mo sustituir\u00eda la actuaci\u00f3n de ambas editoriales? Era un plato fuerte y no se hab\u00eda ca\u00eddo una sola si no las dos, maldito viernes 13. <\/p>\n\n\n\n<p>Y mientras nos serv\u00edan la cena me acerqu\u00e9 al Hostal de nuevo a por algo que hab\u00eda olvidado y suena el tel\u00e9fono: era Juan Carlos Toribio que estaba en Soneja, a unos 10 kil\u00f3metros pero no ten\u00eda habitaci\u00f3n\u2026 por suerte Pilar estuvo al quite y le pudo ofrecer una. Tambi\u00e9n llegaron entonces \u00d3scar y Merche unos amigos que ven\u00edan desde un pueblo de Girona, dos fuertes abrazos y subida de la alegr\u00eda por metro cuadrado en el lugar, le dije que apurarse y se vinieron a cenar. <\/p>\n\n\n\n<p>Tras acabar en el restaurante nos retiramos prudentemente a dormir deb\u00edamos madrugar\u2026 al d\u00eda siguiente por fin llevar\u00edamos a cabo el Primer Encuentro Letras &amp; Moto de Altura, pero eso ha es otra historia.<\/p>\n\n\n\n<p>*Ah\u00ed dejo 50 fotos y un enlace con otras tantas para s\u00ed alguien quiere descargarse alguna.<a href=\"https:\/\/photos.app.goo.gl\/cjmfa5FWoteAeTuQ6?fbclid=IwAR2rW-0oJJPZesgCAZn5zEnNkMSItQUw1PdNUYoO5H7Dw1IOFwX5el6oPD8\" target=\"_blank\" rel=\"noreferrer noopener\">https:\/\/photos.app.goo.gl\/cjmfa5FWoteAeTuQ6<\/a><\/p>\n","protected":false},"excerpt":{"rendered":"<p>Hace una semana est\u00e1bamos all\u00e1 disfrutando entre amig@s, queda tan lejos&#8230; siete d\u00edas han pasado, y todav\u00eda no me he<\/p>\n<p><a href=\"https:\/\/cuartillas.es\/?p=1076\" class=\"more-link\">Seguir leyendo<span class=\"screen-reader-text\">Letras &#038; Moto 2022.<\/span><\/a><\/p>\n","protected":false},"author":1,"featured_media":0,"comment_status":"open","ping_status":"open","sticky":false,"template":"","format":"standard","meta":{"_monsterinsights_skip_tracking":false,"_monsterinsights_sitenote_active":false,"_monsterinsights_sitenote_note":"","_monsterinsights_sitenote_category":0,"footnotes":""},"categories":[1],"tags":[],"class_list":["post-1076","post","type-post","status-publish","format-standard","hentry","category-uncategorized"],"aioseo_notices":[],"_links":{"self":[{"href":"https:\/\/cuartillas.es\/index.php?rest_route=\/wp\/v2\/posts\/1076","targetHints":{"allow":["GET"]}}],"collection":[{"href":"https:\/\/cuartillas.es\/index.php?rest_route=\/wp\/v2\/posts"}],"about":[{"href":"https:\/\/cuartillas.es\/index.php?rest_route=\/wp\/v2\/types\/post"}],"author":[{"embeddable":true,"href":"https:\/\/cuartillas.es\/index.php?rest_route=\/wp\/v2\/users\/1"}],"replies":[{"embeddable":true,"href":"https:\/\/cuartillas.es\/index.php?rest_route=%2Fwp%2Fv2%2Fcomments&post=1076"}],"version-history":[{"count":1,"href":"https:\/\/cuartillas.es\/index.php?rest_route=\/wp\/v2\/posts\/1076\/revisions"}],"predecessor-version":[{"id":1080,"href":"https:\/\/cuartillas.es\/index.php?rest_route=\/wp\/v2\/posts\/1076\/revisions\/1080"}],"wp:attachment":[{"href":"https:\/\/cuartillas.es\/index.php?rest_route=%2Fwp%2Fv2%2Fmedia&parent=1076"}],"wp:term":[{"taxonomy":"category","embeddable":true,"href":"https:\/\/cuartillas.es\/index.php?rest_route=%2Fwp%2Fv2%2Fcategories&post=1076"},{"taxonomy":"post_tag","embeddable":true,"href":"https:\/\/cuartillas.es\/index.php?rest_route=%2Fwp%2Fv2%2Ftags&post=1076"}],"curies":[{"name":"wp","href":"https:\/\/api.w.org\/{rel}","templated":true}]}}